{"id":12896,"date":"2019-12-06T07:00:56","date_gmt":"2019-12-06T06:00:56","guid":{"rendered":"https:\/\/yks.brb.re\/?p=12896"},"modified":"2019-12-06T07:16:18","modified_gmt":"2019-12-06T06:16:18","slug":"6-tuerchen-winter-sonata-01","status":"publish","type":"post","link":"https:\/\/yamayurikai-subs.eu\/?p=12896","title":{"rendered":"6. T\u00fcrchen: Winter Sonata 01"},"content":{"rendered":"<p>Nicht nur die Kami darf sich Herzensw\u00fcnsche erf\u00fcllen. Nein, auch ich!<br \/>\nWinter Sonata geh\u00f6rt seit die Serie damals in Japan und Korea lief zu einem meiner absoluten &#8222;Want to Sub Projekten&#8220;. Leider gab es damals kein gescheites Videomaterial. Bzw. die Videos die es gab, waren alle mit h\u00fcbschen japanischen Hardsubs versehen und nur mit koreanischen Dub erh\u00e4ltlich.<\/p>\n<p>Ja&#8230; und irgendwie&#8230; h\u00e4tte ich schon gerne ein sauberes Bild und nat\u00fcrlich auch die japanische Tonspur gehabt.<br \/>\nVor zwei Jahren hat mir dann die liebe Kami aus dem Japan-Urlaub die DVD-Boxen mitgebracht. Doch leider konnten wir zum damaligen Zeitpunkt die Serie noch nicht in Angriff nehmen, da wir noch etwas von unseren Altlasten (z.B. Macross, Ace, Majin Bone) gegei\u00dfelt waren.<br \/>\nDoch jetzt ist es soweit und endlich darf ich diese dramatische und wirklich sch\u00f6ne Serie subben!<\/p>\n<p>Vorab sei noch gesagt, wir Releasen die Serie mit Dual-Audio, sprich ihr k\u00f6nnt euch aussuchen ob ihr das volle K-Drama-Feeling erleben wollt oder doch lieber mit der japanischen Sprachfassung vorlieb nehmen wollt.<br \/>\nDer Sub ist auf die Japanische Tonspur angespasst, passt aber auch sehr gut zum Koreanischen Dub den wir euch nat\u00fcrlich nicht vorenthalten wollten. Immerhin handelt es sich bei diesem Anime, um eine Adaption der Megaerfolgreichen koreanischen gleichnamigen Dramaserie.<\/p>\n<p>So, die News ist lang genug, viel Spa\u00df mit Winter Sonata 01!<\/p>\n","protected":false},"excerpt":{"rendered":"<p>Nicht nur die Kami darf sich Herzensw\u00fcnsche erf\u00fcllen. Nein, auch ich! Winter Sonata geh\u00f6rt seit die Serie damals in Japan<\/p>\n","protected":false},"author":11,"featured_media":12885,"comment_status":"open","ping_status":"open","sticky":false,"template":"","format":"standard","meta":{"colormag_page_container_layout":"default_layout","colormag_page_sidebar_layout":"default_layout","ngg_post_thumbnail":0,"footnotes":""},"categories":[95,3,97],"tags":[],"class_list":["post-12896","post","type-post","status-publish","format-standard","has-post-thumbnail","hentry","category-adventskalender-2019","category-release","category-winter-sonata"],"_links":{"self":[{"href":"https:\/\/yamayurikai-subs.eu\/index.php?rest_route=\/wp\/v2\/posts\/12896","targetHints":{"allow":["GET"]}}],"collection":[{"href":"https:\/\/yamayurikai-subs.eu\/index.php?rest_route=\/wp\/v2\/posts"}],"about":[{"href":"https:\/\/yamayurikai-subs.eu\/index.php?rest_route=\/wp\/v2\/types\/post"}],"author":[{"embeddable":true,"href":"https:\/\/yamayurikai-subs.eu\/index.php?rest_route=\/wp\/v2\/users\/11"}],"replies":[{"embeddable":true,"href":"https:\/\/yamayurikai-subs.eu\/index.php?rest_route=%2Fwp%2Fv2%2Fcomments&post=12896"}],"version-history":[{"count":2,"href":"https:\/\/yamayurikai-subs.eu\/index.php?rest_route=\/wp\/v2\/posts\/12896\/revisions"}],"predecessor-version":[{"id":12903,"href":"https:\/\/yamayurikai-subs.eu\/index.php?rest_route=\/wp\/v2\/posts\/12896\/revisions\/12903"}],"wp:featuredmedia":[{"embeddable":true,"href":"https:\/\/yamayurikai-subs.eu\/index.php?rest_route=\/wp\/v2\/media\/12885"}],"wp:attachment":[{"href":"https:\/\/yamayurikai-subs.eu\/index.php?rest_route=%2Fwp%2Fv2%2Fmedia&parent=12896"}],"wp:term":[{"taxonomy":"category","embeddable":true,"href":"https:\/\/yamayurikai-subs.eu\/index.php?rest_route=%2Fwp%2Fv2%2Fcategories&post=12896"},{"taxonomy":"post_tag","embeddable":true,"href":"https:\/\/yamayurikai-subs.eu\/index.php?rest_route=%2Fwp%2Fv2%2Ftags&post=12896"}],"curies":[{"name":"wp","href":"https:\/\/api.w.org\/{rel}","templated":true}]}}